{"id":199143,"date":"2023-09-15T19:49:43","date_gmt":"2023-09-15T19:49:43","guid":{"rendered":"https:\/\/aquichacarita.com\/?p=199143"},"modified":"2023-09-15T19:54:57","modified_gmt":"2023-09-15T19:54:57","slug":"reunion-informativa-el-viernes-22-sobre-el-tema-platea-mitre","status":"publish","type":"post","link":"https:\/\/aquichacarita.com\/?p=199143","title":{"rendered":"Reunion informativa el viernes 22 sobre el tema platea MITRE"},"content":{"rendered":"\n<figure class=\"wp-block-image size-large\"><img loading=\"lazy\" decoding=\"async\" width=\"1024\" height=\"1024\" src=\"https:\/\/aquichacarita.com\/wp-content\/uploads\/2023\/09\/IMG-20230915-WA0108-1024x1024.jpg\" alt=\"\" class=\"wp-image-199144\" srcset=\"https:\/\/aquichacarita.com\/wp-content\/uploads\/2023\/09\/IMG-20230915-WA0108-1024x1024.jpg 1024w, https:\/\/aquichacarita.com\/wp-content\/uploads\/2023\/09\/IMG-20230915-WA0108-300x300.jpg 300w, https:\/\/aquichacarita.com\/wp-content\/uploads\/2023\/09\/IMG-20230915-WA0108-150x150.jpg 150w, https:\/\/aquichacarita.com\/wp-content\/uploads\/2023\/09\/IMG-20230915-WA0108-768x768.jpg 768w, https:\/\/aquichacarita.com\/wp-content\/uploads\/2023\/09\/IMG-20230915-WA0108.jpg 1080w\" sizes=\"(max-width: 1024px) 100vw, 1024px\" \/><\/figure>\n\n\n\n<p>\ud83d\udcc4 REUNI\u00d3N INFORMATIVA El Club Atl\u00e9tico Chacarita Juniors invita a sus socios\/as y medios de comunicaci\u00f3n a la reuni\u00f3n informativa que se llevar\u00e1 a cabo el d\u00eda viernes 22 de septiembre a las 18 horas en la Sala de Prensa de nuestro Estadio.En la mencionada reuni\u00f3n, el Presidente de la Instituci\u00f3n, N\u00e9stor Di Pierro, junto a integrantes de la empresa constructora brindar\u00e1n detalles sobre los avances de las obras de la platea ubicada sobre la calle Mitre.A los fines de participar de la reuni\u00f3n, deber\u00e1 enviarse el nombre, apellido y n\u00famero de socio o nombre del medio (seg\u00fan corresponda) al correo electr\u00f3nico acreditacionesasamblea@gmail.comEl plazo para acreditarse vence, SIN EXCEPCI\u00d3N, el d\u00eda jueves 21 de septiembre a las 18 horas.Los esperamos.#VamosChaca\ud83d\udd34\u26aa\ufe0f\u26ab\ufe0f<\/p>\n","protected":false},"excerpt":{"rendered":"<p>\ud83d\udcc4 REUNI\u00d3N INFORMATIVA El Club Atl\u00e9tico Chacarita Juniors invita a sus socios\/as y medios de comunicaci\u00f3n a la reuni\u00f3n informativa que se llevar\u00e1 a cabo el d\u00eda viernes 22 de septiembre a las 18 horas en la Sala de Prensa de nuestro Estadio.En la mencionada reuni\u00f3n, el Presidente de la Instituci\u00f3n, N\u00e9stor Di Pierro, junto &hellip; <a href=\"https:\/\/aquichacarita.com\/?p=199143\" class=\"more-link\">Continu\u00e1 leyendo <span class=\"screen-reader-text\">Reunion informativa el viernes 22 sobre el tema platea MITRE<\/span> <span class=\"meta-nav\">&rarr;<\/span><\/a><\/p>\n","protected":false},"author":2,"featured_media":0,"comment_status":"open","ping_status":"open","sticky":false,"template":"","format":"standard","meta":{"footnotes":""},"categories":[1],"tags":[],"_links":{"self":[{"href":"https:\/\/aquichacarita.com\/index.php?rest_route=\/wp\/v2\/posts\/199143"}],"collection":[{"href":"https:\/\/aquichacarita.com\/index.php?rest_route=\/wp\/v2\/posts"}],"about":[{"href":"https:\/\/aquichacarita.com\/index.php?rest_route=\/wp\/v2\/types\/post"}],"author":[{"embeddable":true,"href":"https:\/\/aquichacarita.com\/index.php?rest_route=\/wp\/v2\/users\/2"}],"replies":[{"embeddable":true,"href":"https:\/\/aquichacarita.com\/index.php?rest_route=%2Fwp%2Fv2%2Fcomments&post=199143"}],"version-history":[{"count":2,"href":"https:\/\/aquichacarita.com\/index.php?rest_route=\/wp\/v2\/posts\/199143\/revisions"}],"predecessor-version":[{"id":199147,"href":"https:\/\/aquichacarita.com\/index.php?rest_route=\/wp\/v2\/posts\/199143\/revisions\/199147"}],"wp:attachment":[{"href":"https:\/\/aquichacarita.com\/index.php?rest_route=%2Fwp%2Fv2%2Fmedia&parent=199143"}],"wp:term":[{"taxonomy":"category","embeddable":true,"href":"https:\/\/aquichacarita.com\/index.php?rest_route=%2Fwp%2Fv2%2Fcategories&post=199143"},{"taxonomy":"post_tag","embeddable":true,"href":"https:\/\/aquichacarita.com\/index.php?rest_route=%2Fwp%2Fv2%2Ftags&post=199143"}],"curies":[{"name":"wp","href":"https:\/\/api.w.org\/{rel}","templated":true}]}}