{"id":207687,"date":"2025-05-14T01:01:41","date_gmt":"2025-05-14T01:01:41","guid":{"rendered":"https:\/\/aquichacarita.com\/?p=207687"},"modified":"2025-05-14T01:01:41","modified_gmt":"2025-05-14T01:01:41","slug":"chacarita-en-la-feria-del-libro","status":"publish","type":"post","link":"https:\/\/aquichacarita.com\/?p=207687","title":{"rendered":"Chacarita en la feria del libro"},"content":{"rendered":"\n<p>Ante una sala Jos\u00e9 Hern\u00e1ndez colmada, @CulturaAFA present\u00f3 &#8220;Historias de los hinchas, la cultura y sus clubes&#8221; en la 49\u00b0 Feria Internacional del Libro.El presidente de cultura AFA es Walter Zalcman representante de Chacarita que estuvo junto a nuestro historiador Carlos Piro .<\/p>\n\n\n\n<figure class=\"wp-block-image size-full\"><img loading=\"lazy\" decoding=\"async\" width=\"453\" height=\"680\" src=\"https:\/\/aquichacarita.com\/wp-content\/uploads\/2025\/05\/21_58_42_Gq15szMWwAE4sIP.jpg\" alt=\"\" class=\"wp-image-207688\" srcset=\"https:\/\/aquichacarita.com\/wp-content\/uploads\/2025\/05\/21_58_42_Gq15szMWwAE4sIP.jpg 453w, https:\/\/aquichacarita.com\/wp-content\/uploads\/2025\/05\/21_58_42_Gq15szMWwAE4sIP-200x300.jpg 200w\" sizes=\"(max-width: 453px) 100vw, 453px\" \/><\/figure>\n","protected":false},"excerpt":{"rendered":"<p>Ante una sala Jos\u00e9 Hern\u00e1ndez colmada, @CulturaAFA present\u00f3 &#8220;Historias de los hinchas, la cultura y sus clubes&#8221; en la 49\u00b0 Feria Internacional del Libro.El presidente de cultura AFA es Walter Zalcman representante de Chacarita que estuvo junto a nuestro historiador Carlos Piro .<\/p>\n","protected":false},"author":2,"featured_media":0,"comment_status":"open","ping_status":"open","sticky":false,"template":"","format":"standard","meta":{"footnotes":""},"categories":[1],"tags":[],"_links":{"self":[{"href":"https:\/\/aquichacarita.com\/index.php?rest_route=\/wp\/v2\/posts\/207687"}],"collection":[{"href":"https:\/\/aquichacarita.com\/index.php?rest_route=\/wp\/v2\/posts"}],"about":[{"href":"https:\/\/aquichacarita.com\/index.php?rest_route=\/wp\/v2\/types\/post"}],"author":[{"embeddable":true,"href":"https:\/\/aquichacarita.com\/index.php?rest_route=\/wp\/v2\/users\/2"}],"replies":[{"embeddable":true,"href":"https:\/\/aquichacarita.com\/index.php?rest_route=%2Fwp%2Fv2%2Fcomments&post=207687"}],"version-history":[{"count":1,"href":"https:\/\/aquichacarita.com\/index.php?rest_route=\/wp\/v2\/posts\/207687\/revisions"}],"predecessor-version":[{"id":207689,"href":"https:\/\/aquichacarita.com\/index.php?rest_route=\/wp\/v2\/posts\/207687\/revisions\/207689"}],"wp:attachment":[{"href":"https:\/\/aquichacarita.com\/index.php?rest_route=%2Fwp%2Fv2%2Fmedia&parent=207687"}],"wp:term":[{"taxonomy":"category","embeddable":true,"href":"https:\/\/aquichacarita.com\/index.php?rest_route=%2Fwp%2Fv2%2Fcategories&post=207687"},{"taxonomy":"post_tag","embeddable":true,"href":"https:\/\/aquichacarita.com\/index.php?rest_route=%2Fwp%2Fv2%2Ftags&post=207687"}],"curies":[{"name":"wp","href":"https:\/\/api.w.org\/{rel}","templated":true}]}}