{"id":207709,"date":"2025-05-17T08:02:42","date_gmt":"2025-05-17T08:02:42","guid":{"rendered":"https:\/\/aquichacarita.com\/?p=207709"},"modified":"2025-05-17T08:02:42","modified_gmt":"2025-05-17T08:02:42","slug":"leonardo-mallo-prosecretario-en-aqui-chacarita-radio","status":"publish","type":"post","link":"https:\/\/aquichacarita.com\/?p=207709","title":{"rendered":"Leonardo Mallo prosecretario en Aqu\u00ed Chacarita radio"},"content":{"rendered":"\n<figure class=\"wp-block-image size-large is-resized\"><img loading=\"lazy\" decoding=\"async\" width=\"771\" height=\"1024\" src=\"https:\/\/aquichacarita.com\/wp-content\/uploads\/2025\/05\/IMG_20250510_150918-1-771x1024.jpg\" alt=\"\" class=\"wp-image-207710\" style=\"width:344px;height:auto\" srcset=\"https:\/\/aquichacarita.com\/wp-content\/uploads\/2025\/05\/IMG_20250510_150918-1-771x1024.jpg 771w, https:\/\/aquichacarita.com\/wp-content\/uploads\/2025\/05\/IMG_20250510_150918-1-226x300.jpg 226w, https:\/\/aquichacarita.com\/wp-content\/uploads\/2025\/05\/IMG_20250510_150918-1-768x1020.jpg 768w, https:\/\/aquichacarita.com\/wp-content\/uploads\/2025\/05\/IMG_20250510_150918-1-1157x1536.jpg 1157w, https:\/\/aquichacarita.com\/wp-content\/uploads\/2025\/05\/IMG_20250510_150918-1-1542x2048.jpg 1542w, https:\/\/aquichacarita.com\/wp-content\/uploads\/2025\/05\/IMG_20250510_150918-1-scaled.jpg 1928w\" sizes=\"(max-width: 771px) 100vw, 771px\" \/><\/figure>\n\n\n\n<p>El Prosecrerario Leonardo Mallo habl\u00f3 en Aqu\u00ed Chacarita radio por AM 610 &#8220;El llamado para la Asamblea Ordinaria y luego m\u00e1s tarde para la Asamblea Extraordinaria ser\u00eda el 8 de julio  en principio la fecha para aprobar los balances y el llamado a elecciones&#8221;&#8221;Las elecciones ser\u00edan para el 17 de agosto. Hay que ver que dice la asamblea. Por estatuto tener hay que preparar muchas cosas como los permisos del Gobierno de la Ciudad, IGJ y la junta electoral&#8221;.&#8221;Se cancelaron los intereses. Nos retienen el dinero de la TV. Todav\u00eda nos quedar\u00eda m\u00e1s de un a\u00f1o para terminar el pago de todo&#8221; con respecto a la deuda con Pedro Vilari\u00f1o<\/p>\n","protected":false},"excerpt":{"rendered":"<p>El Prosecrerario Leonardo Mallo habl\u00f3 en Aqu\u00ed Chacarita radio por AM 610 &#8220;El llamado para la Asamblea Ordinaria y luego m\u00e1s tarde para la Asamblea Extraordinaria ser\u00eda el 8 de julio en principio la fecha para aprobar los balances y el llamado a elecciones&#8221;&#8221;Las elecciones ser\u00edan para el 17 de agosto. Hay que ver que &hellip; <a href=\"https:\/\/aquichacarita.com\/?p=207709\" class=\"more-link\">Continu\u00e1 leyendo <span class=\"screen-reader-text\">Leonardo Mallo prosecretario en Aqu\u00ed Chacarita radio<\/span> <span class=\"meta-nav\">&rarr;<\/span><\/a><\/p>\n","protected":false},"author":2,"featured_media":0,"comment_status":"open","ping_status":"open","sticky":false,"template":"","format":"standard","meta":{"footnotes":""},"categories":[1],"tags":[],"_links":{"self":[{"href":"https:\/\/aquichacarita.com\/index.php?rest_route=\/wp\/v2\/posts\/207709"}],"collection":[{"href":"https:\/\/aquichacarita.com\/index.php?rest_route=\/wp\/v2\/posts"}],"about":[{"href":"https:\/\/aquichacarita.com\/index.php?rest_route=\/wp\/v2\/types\/post"}],"author":[{"embeddable":true,"href":"https:\/\/aquichacarita.com\/index.php?rest_route=\/wp\/v2\/users\/2"}],"replies":[{"embeddable":true,"href":"https:\/\/aquichacarita.com\/index.php?rest_route=%2Fwp%2Fv2%2Fcomments&post=207709"}],"version-history":[{"count":1,"href":"https:\/\/aquichacarita.com\/index.php?rest_route=\/wp\/v2\/posts\/207709\/revisions"}],"predecessor-version":[{"id":207711,"href":"https:\/\/aquichacarita.com\/index.php?rest_route=\/wp\/v2\/posts\/207709\/revisions\/207711"}],"wp:attachment":[{"href":"https:\/\/aquichacarita.com\/index.php?rest_route=%2Fwp%2Fv2%2Fmedia&parent=207709"}],"wp:term":[{"taxonomy":"category","embeddable":true,"href":"https:\/\/aquichacarita.com\/index.php?rest_route=%2Fwp%2Fv2%2Fcategories&post=207709"},{"taxonomy":"post_tag","embeddable":true,"href":"https:\/\/aquichacarita.com\/index.php?rest_route=%2Fwp%2Fv2%2Ftags&post=207709"}],"curies":[{"name":"wp","href":"https:\/\/api.w.org\/{rel}","templated":true}]}}