{"id":212776,"date":"2026-05-01T19:45:37","date_gmt":"2026-05-01T19:45:37","guid":{"rendered":"https:\/\/aquichacarita.com\/?p=212776"},"modified":"2026-05-01T19:45:37","modified_gmt":"2026-05-01T19:45:37","slug":"afa-festeja-con-chacarita-en-la-rural-feria-del-libro","status":"publish","type":"post","link":"https:\/\/aquichacarita.com\/?p=212776","title":{"rendered":"Afa festeja con Chacarita en la rural feria del libro"},"content":{"rendered":"\n<figure class=\"wp-block-image size-full\"><img loading=\"lazy\" decoding=\"async\" width=\"1000\" height=\"750\" src=\"https:\/\/aquichacarita.com\/wp-content\/uploads\/2026\/05\/1000699202.jpg\" alt=\"\" class=\"wp-image-212777\" srcset=\"https:\/\/aquichacarita.com\/wp-content\/uploads\/2026\/05\/1000699202.jpg 1000w, https:\/\/aquichacarita.com\/wp-content\/uploads\/2026\/05\/1000699202-300x225.jpg 300w, https:\/\/aquichacarita.com\/wp-content\/uploads\/2026\/05\/1000699202-768x576.jpg 768w\" sizes=\"(max-width: 1000px) 100vw, 1000px\" \/><\/figure>\n\n\n\n<p>En el marco de la Feria Internacional del Libro de Buenos Aires, el stand de la AFA ser\u00e1 sede hoy a las 19 de una charla muy especial dedicada a los 120 a\u00f1os de Chacarita Juniors, una de las instituciones m\u00e1s tradicionales y queridas del f\u00fatbol argentino.La actividad propondr\u00e1 un recorrido por la rica historia del club, desde sus or\u00edgenes hasta la actualidad, poniendo en valor los momentos m\u00e1s emblem\u00e1ticos, sus protagonistas y el fuerte v\u00ednculo con su gente. Ser\u00e1 una oportunidad para revivir an\u00e9cdotas, compartir recuerdos y reflexionar sobre la identidad \u201cfunebrera\u201d, marcada por la pasi\u00f3n y el sentido de pertenencia.La charla forma parte de la agenda cultural impulsada por la Asociaci\u00f3n del F\u00fatbol Argentino en la Feria, con el objetivo de acercar al p\u00fablico distintas miradas sobre el f\u00fatbol, entendiendo al deporte como un fen\u00f3meno social y cultural que atraviesa generaciones.De esta manera, Chacarita Juniors invita a todos los visitantes a ser parte de este encuentro, que promete emoci\u00f3n, memoria y celebraci\u00f3n en torno a sus 120 a\u00f1os de vida.<\/p>\n","protected":false},"excerpt":{"rendered":"<p>En el marco de la Feria Internacional del Libro de Buenos Aires, el stand de la AFA ser\u00e1 sede hoy a las 19 de una charla muy especial dedicada a los 120 a\u00f1os de Chacarita Juniors, una de las instituciones m\u00e1s tradicionales y queridas del f\u00fatbol argentino.La actividad propondr\u00e1 un recorrido por la rica historia &hellip; <a href=\"https:\/\/aquichacarita.com\/?p=212776\" class=\"more-link\">Continu\u00e1 leyendo <span class=\"screen-reader-text\">Afa festeja con Chacarita en la rural feria del libro<\/span> <span class=\"meta-nav\">&rarr;<\/span><\/a><\/p>\n","protected":false},"author":2,"featured_media":0,"comment_status":"open","ping_status":"open","sticky":false,"template":"","format":"standard","meta":{"footnotes":""},"categories":[1],"tags":[],"_links":{"self":[{"href":"https:\/\/aquichacarita.com\/index.php?rest_route=\/wp\/v2\/posts\/212776"}],"collection":[{"href":"https:\/\/aquichacarita.com\/index.php?rest_route=\/wp\/v2\/posts"}],"about":[{"href":"https:\/\/aquichacarita.com\/index.php?rest_route=\/wp\/v2\/types\/post"}],"author":[{"embeddable":true,"href":"https:\/\/aquichacarita.com\/index.php?rest_route=\/wp\/v2\/users\/2"}],"replies":[{"embeddable":true,"href":"https:\/\/aquichacarita.com\/index.php?rest_route=%2Fwp%2Fv2%2Fcomments&post=212776"}],"version-history":[{"count":1,"href":"https:\/\/aquichacarita.com\/index.php?rest_route=\/wp\/v2\/posts\/212776\/revisions"}],"predecessor-version":[{"id":212778,"href":"https:\/\/aquichacarita.com\/index.php?rest_route=\/wp\/v2\/posts\/212776\/revisions\/212778"}],"wp:attachment":[{"href":"https:\/\/aquichacarita.com\/index.php?rest_route=%2Fwp%2Fv2%2Fmedia&parent=212776"}],"wp:term":[{"taxonomy":"category","embeddable":true,"href":"https:\/\/aquichacarita.com\/index.php?rest_route=%2Fwp%2Fv2%2Fcategories&post=212776"},{"taxonomy":"post_tag","embeddable":true,"href":"https:\/\/aquichacarita.com\/index.php?rest_route=%2Fwp%2Fv2%2Ftags&post=212776"}],"curies":[{"name":"wp","href":"https:\/\/api.w.org\/{rel}","templated":true}]}}