{"id":212817,"date":"2026-05-03T11:14:17","date_gmt":"2026-05-03T11:14:17","guid":{"rendered":"https:\/\/aquichacarita.com\/?p=212817"},"modified":"2026-05-03T11:16:15","modified_gmt":"2026-05-03T11:16:15","slug":"la-caminata-aniversario","status":"publish","type":"post","link":"https:\/\/aquichacarita.com\/?p=212817","title":{"rendered":"La caminata aniversario"},"content":{"rendered":"\n<figure class=\"wp-block-video\"><video controls src=\"https:\/\/aquichacarita.com\/wp-content\/uploads\/2026\/05\/1000700164.mp4\"><\/video><\/figure>\n\n\n\n<figure class=\"wp-block-image size-large is-resized\"><img loading=\"lazy\" decoding=\"async\" width=\"768\" height=\"1024\" src=\"https:\/\/aquichacarita.com\/wp-content\/uploads\/2026\/05\/1000700207-768x1024.jpg\" alt=\"\" class=\"wp-image-212819\" style=\"width:344px;height:auto\" srcset=\"https:\/\/aquichacarita.com\/wp-content\/uploads\/2026\/05\/1000700207-768x1024.jpg 768w, https:\/\/aquichacarita.com\/wp-content\/uploads\/2026\/05\/1000700207-225x300.jpg 225w, https:\/\/aquichacarita.com\/wp-content\/uploads\/2026\/05\/1000700207.jpg 960w\" sizes=\"(max-width: 768px) 100vw, 768px\" \/><\/figure>\n\n\n\n<p>AYER  S\u00c1BADO 2 DE MAYO 2026 HICIMOS UNA RECORRIDA POR NUESTRO BARRIO DONDE SE ENCUENTRA NUESTRA SEDE FUIMOS A LA IGLESIA SAN PABLO DONDE RECIBIMOS LA BENDICI\u00d3N DEL CURA P\u00c1RROCO CONTINUAMOS POR TEODORO GARC\u00cdA HACIA EL LUGAR DONDE FUNCIONABA NUESTRA ANTIGUA SEDE LUEGO CAMINANDO POR FEDERICO LACROZE LLEGAMOS Y DEGUSTAMOS ALGO CON LA GENTE DE MCDONALD&#8217;S QUE NOS ESPERABA PARA AGASAJARNOS CONTINUAMOS NOS DIRIGIMOS A UN BAR HIST\u00d3RICO DE LA ZONA QUE SE CONOCE COMO EL FOTOGR\u00c1FICO CONTINUAMOS HACIA LA CASA DE CARLITOS BAL\u00c1 Y TERMINAMOS DONDE ALGUNA VEZ EN EL A\u00d1O 1906 UN PRIMERO DE MAYO SE JUNTARON PARA CREAR LO QUE HOY A 120 A\u00d1OS CON ORGULLO DECIMOS CHACARITA JUNIORS\u2764\ufe0f\ud83d\udcaa\ud83c\uddfe\ud83c\uddea<\/p>\n","protected":false},"excerpt":{"rendered":"<p>AYER S\u00c1BADO 2 DE MAYO 2026 HICIMOS UNA RECORRIDA POR NUESTRO BARRIO DONDE SE ENCUENTRA NUESTRA SEDE FUIMOS A LA IGLESIA SAN PABLO DONDE RECIBIMOS LA BENDICI\u00d3N DEL CURA P\u00c1RROCO CONTINUAMOS POR TEODORO GARC\u00cdA HACIA EL LUGAR DONDE FUNCIONABA NUESTRA ANTIGUA SEDE LUEGO CAMINANDO POR FEDERICO LACROZE LLEGAMOS Y DEGUSTAMOS ALGO CON LA GENTE DE &hellip; <a href=\"https:\/\/aquichacarita.com\/?p=212817\" class=\"more-link\">Continu\u00e1 leyendo <span class=\"screen-reader-text\">La caminata aniversario<\/span> <span class=\"meta-nav\">&rarr;<\/span><\/a><\/p>\n","protected":false},"author":2,"featured_media":0,"comment_status":"open","ping_status":"open","sticky":false,"template":"","format":"standard","meta":{"footnotes":""},"categories":[1],"tags":[],"_links":{"self":[{"href":"https:\/\/aquichacarita.com\/index.php?rest_route=\/wp\/v2\/posts\/212817"}],"collection":[{"href":"https:\/\/aquichacarita.com\/index.php?rest_route=\/wp\/v2\/posts"}],"about":[{"href":"https:\/\/aquichacarita.com\/index.php?rest_route=\/wp\/v2\/types\/post"}],"author":[{"embeddable":true,"href":"https:\/\/aquichacarita.com\/index.php?rest_route=\/wp\/v2\/users\/2"}],"replies":[{"embeddable":true,"href":"https:\/\/aquichacarita.com\/index.php?rest_route=%2Fwp%2Fv2%2Fcomments&post=212817"}],"version-history":[{"count":2,"href":"https:\/\/aquichacarita.com\/index.php?rest_route=\/wp\/v2\/posts\/212817\/revisions"}],"predecessor-version":[{"id":212821,"href":"https:\/\/aquichacarita.com\/index.php?rest_route=\/wp\/v2\/posts\/212817\/revisions\/212821"}],"wp:attachment":[{"href":"https:\/\/aquichacarita.com\/index.php?rest_route=%2Fwp%2Fv2%2Fmedia&parent=212817"}],"wp:term":[{"taxonomy":"category","embeddable":true,"href":"https:\/\/aquichacarita.com\/index.php?rest_route=%2Fwp%2Fv2%2Fcategories&post=212817"},{"taxonomy":"post_tag","embeddable":true,"href":"https:\/\/aquichacarita.com\/index.php?rest_route=%2Fwp%2Fv2%2Ftags&post=212817"}],"curies":[{"name":"wp","href":"https:\/\/api.w.org\/{rel}","templated":true}]}}