{"id":213750,"date":"2026-07-15T22:47:24","date_gmt":"2026-07-15T22:47:24","guid":{"rendered":"https:\/\/aquichacarita.com\/?p=213750"},"modified":"2026-07-16T03:55:15","modified_gmt":"2026-07-16T03:55:15","slug":"se-fue-un-grande-de-chaca-miguel-passadore","status":"publish","type":"post","link":"https:\/\/aquichacarita.com\/?p=213750","title":{"rendered":"Se fue un grande de Chaca Miguel Passadore.Abrazo a la familia"},"content":{"rendered":"\n<figure class=\"wp-block-pullquote\"><blockquote><p><\/p><\/blockquote><\/figure>\n\n\n\n<figure class=\"wp-block-image size-large\"><img loading=\"lazy\" decoding=\"async\" width=\"400\" height=\"1024\" src=\"https:\/\/aquichacarita.com\/wp-content\/uploads\/2026\/07\/1000772337-400x1024.jpg\" alt=\"\" class=\"wp-image-213751\" srcset=\"https:\/\/aquichacarita.com\/wp-content\/uploads\/2026\/07\/1000772337-400x1024.jpg 400w, https:\/\/aquichacarita.com\/wp-content\/uploads\/2026\/07\/1000772337-117x300.jpg 117w, https:\/\/aquichacarita.com\/wp-content\/uploads\/2026\/07\/1000772337.jpg 444w\" sizes=\"(max-width: 400px) 100vw, 400px\" \/><\/figure>\n\n\n\n<p>\u26ab\ufe0f Con profundo pesar despedimos a Miguel \u00c1ngel Passadore, Socio Vitalicio N.\u00ba 2433.Desde la Subcomisi\u00f3n de Socias y Socios Vitalicios del Club Atl\u00e9tico Chacarita Juniors lamentamos profundamente el fallecimiento de Miguel \u00c1ngel Passadore, quien supo acompa\u00f1ar a nuestra instituci\u00f3n con compromiso, sentido de pertenencia y una permanente colaboraci\u00f3n a lo largo de los a\u00f1os.Acompa\u00f1amos a sus familiares, amigos y seres queridos en este dif\u00edcil momento, haci\u00e9ndoles llegar nuestras m\u00e1s sentidas condolencias.Se informa que se realizar\u00e1 un responso el d\u00eda jueves 16\/07, de 14:00 a 17:00 horas, en Sepelios Carlos Pitrau, ubicado en Coronel Mom 2133, San Mart\u00edn.Q.E.P.D., Miguel \u00c1ngel Passadore.<\/p>\n","protected":false},"excerpt":{"rendered":"<p>\u26ab\ufe0f Con profundo pesar despedimos a Miguel \u00c1ngel Passadore, Socio Vitalicio N.\u00ba 2433.Desde la Subcomisi\u00f3n de Socias y Socios Vitalicios del Club Atl\u00e9tico Chacarita Juniors lamentamos profundamente el fallecimiento de Miguel \u00c1ngel Passadore, quien supo acompa\u00f1ar a nuestra instituci\u00f3n con compromiso, sentido de pertenencia y una permanente colaboraci\u00f3n a lo largo de los a\u00f1os.Acompa\u00f1amos a &hellip; <a href=\"https:\/\/aquichacarita.com\/?p=213750\" class=\"more-link\">Continu\u00e1 leyendo <span class=\"screen-reader-text\">Se fue un grande de Chaca Miguel Passadore.Abrazo a la familia<\/span> <span class=\"meta-nav\">&rarr;<\/span><\/a><\/p>\n","protected":false},"author":2,"featured_media":0,"comment_status":"open","ping_status":"open","sticky":false,"template":"","format":"standard","meta":{"footnotes":""},"categories":[1],"tags":[],"_links":{"self":[{"href":"https:\/\/aquichacarita.com\/index.php?rest_route=\/wp\/v2\/posts\/213750"}],"collection":[{"href":"https:\/\/aquichacarita.com\/index.php?rest_route=\/wp\/v2\/posts"}],"about":[{"href":"https:\/\/aquichacarita.com\/index.php?rest_route=\/wp\/v2\/types\/post"}],"author":[{"embeddable":true,"href":"https:\/\/aquichacarita.com\/index.php?rest_route=\/wp\/v2\/users\/2"}],"replies":[{"embeddable":true,"href":"https:\/\/aquichacarita.com\/index.php?rest_route=%2Fwp%2Fv2%2Fcomments&post=213750"}],"version-history":[{"count":3,"href":"https:\/\/aquichacarita.com\/index.php?rest_route=\/wp\/v2\/posts\/213750\/revisions"}],"predecessor-version":[{"id":213754,"href":"https:\/\/aquichacarita.com\/index.php?rest_route=\/wp\/v2\/posts\/213750\/revisions\/213754"}],"wp:attachment":[{"href":"https:\/\/aquichacarita.com\/index.php?rest_route=%2Fwp%2Fv2%2Fmedia&parent=213750"}],"wp:term":[{"taxonomy":"category","embeddable":true,"href":"https:\/\/aquichacarita.com\/index.php?rest_route=%2Fwp%2Fv2%2Fcategories&post=213750"},{"taxonomy":"post_tag","embeddable":true,"href":"https:\/\/aquichacarita.com\/index.php?rest_route=%2Fwp%2Fv2%2Ftags&post=213750"}],"curies":[{"name":"wp","href":"https:\/\/api.w.org\/{rel}","templated":true}]}}